{"id":529,"date":"2025-01-26T07:12:47","date_gmt":"2025-01-26T07:12:47","guid":{"rendered":"https:\/\/www.dokuzceyrek.com.tr\/?p=529"},"modified":"2025-01-26T07:17:31","modified_gmt":"2025-01-26T07:17:31","slug":"instagram-post-boyutlari-2025","status":"publish","type":"post","link":"https:\/\/www.dokuzceyrek.com.tr\/index.php\/2025\/01\/26\/instagram-post-boyutlari-2025\/","title":{"rendered":"Instagram G\u00f6nderi Boyutlar\u0131 2025"},"content":{"rendered":"\n<p><strong>INSTAGRAM G\u00d6NDER\u0130 BOYUTLARI 2025<\/strong><\/p>\n\n\n\n<p>Instagram, g\u00f6rsel payla\u015f\u0131m standartlar\u0131nda yapt\u0131\u011f\u0131 yeniliklerle profil g\u00f6r\u00fcn\u00fcm\u00fcn\u00fc daha dikkat \u00e7ekici hale getirmeyi ama\u00e7l\u0131yor.&nbsp;<strong>Kare format, klasik bir se\u00e7enek olarak halen kullan\u0131labilir olsa da yap\u0131lan de\u011fi\u015fikliklerle, profil g\u00f6r\u00fcn\u00fcm\u00fcnde g\u00f6rsellerin 4:5 oran\u0131nda dikey formatta yans\u0131t\u0131lmas\u0131 \u00f6ne \u00e7\u0131k\u0131yor.<\/strong><\/p>\n\n\n\n<p>Yeni standartlara g\u00f6re 4:5 oran\u0131ndaki dikey format, profil d\u00fczeninde daha uyumlu ve estetik bir g\u00f6r\u00fcn\u00fcm sunuyor. Bu nedenle, i\u00e7erik \u00fcreticilerinin ve markalar\u0131n g\u00f6rsellerini&nbsp;<strong>4:5 oran\u0131nda<\/strong>&nbsp;<strong>1080 x 1350 piksel \u00e7\u00f6z\u00fcn\u00fcrl\u00fckle<\/strong>&nbsp;optimize ederek payla\u015fmas\u0131, profil b\u00fct\u00fcnl\u00fc\u011f\u00fcn\u00fc korumak ve izleyicilerin dikkatini daha fazla \u00e7ekmek a\u00e7\u0131s\u0131ndan faydal\u0131 bir strateji olarak \u00f6ne \u00e7\u0131k\u0131yor. Instagram\u2019\u0131n bu format de\u011fi\u015fikli\u011fi, kullan\u0131c\u0131lar\u0131n i\u00e7eriklerini daha etkili bir \u015fekilde sunmalar\u0131n\u0131 te\u015fvik ediyor.<\/p>\n\n\n\n<p>Bu de\u011fi\u015fiklik, \u00f6zellikle mobil cihazlar\u0131n kullan\u0131m oran\u0131n\u0131n artmas\u0131 ve kullan\u0131c\u0131lar\u0131n dikkatini daha uzun s\u00fcre \u00e7ekebilecek i\u00e7eriklerin te\u015fvik edilmesi amac\u0131yla yap\u0131ld\u0131. Daha fazla ekran alan\u0131 kaplayan dikey g\u00f6rseller, hikaye format\u0131na daha yak\u0131n bir deneyim sunarak i\u00e7eriklerin \u00f6ne \u00e7\u0131kmas\u0131n\u0131 sa\u011fl\u0131yor.<\/p>\n\n\n\n<p><strong>Instagram Kare Post Boyutu Ka\u00e7t\u0131?<\/strong><\/p>\n\n\n\n<p>Instagram\u2019\u0131n ilk y\u0131llar\u0131ndan bu yana, 1:1 oran\u0131nda yani kare formatta payla\u015f\u0131mlar yap\u0131labiliyor. Bu boyut, her cihazda tutarl\u0131 bir g\u00f6r\u00fcn\u00fcm sunarak uzun s\u00fcre platformun standart post format\u0131 olarak kullan\u0131ld\u0131. G\u00fcn\u00fcm\u00fczde Instagram, kare format\u0131 desteklemeye devam ediyor. Ancak profil g\u00f6r\u00fcn\u00fcm\u00fcnde, bu payla\u015f\u0131mlar art\u0131k dikey bir \u015fekilde yans\u0131yaca\u011f\u0131 i\u00e7in g\u00f6rsellerin \u00f6nemli detaylar\u0131n\u0131n kesilme ihtimali bulunabiliyor.<\/p>\n\n\n\n<p><strong>Kare Boyut:<\/strong><\/p>\n\n\n\n<ul class=\"wp-block-list\">\n<li><strong>Oran: 1:1 (Kare)<\/strong><\/li>\n\n\n\n<li><strong>Boyut: 1080 x 1080 piksel<\/strong><\/li>\n<\/ul>\n\n\n\n<p>Kare format, hala pek \u00e7ok kullan\u0131c\u0131 taraf\u0131ndan tercih edilse de profil esteti\u011finde daha iyi bir g\u00f6r\u00fcn\u00fcm elde etmek i\u00e7in 4:5 oran\u0131ndaki dikey payla\u015f\u0131mlar \u00f6ne \u00e7\u0131k\u0131yor. Profilde g\u00f6rsellerin tam olarak g\u00f6r\u00fclebilmesi i\u00e7in, dikey formatta i\u00e7erik haz\u0131rlamak daha etkili bir se\u00e7enek sunabilir. Bu de\u011fi\u015fiklik, kullan\u0131c\u0131lar\u0131n payla\u015f\u0131mlar\u0131n\u0131 optimize ederek daha dikkat \u00e7ekici bir g\u00f6r\u00fcn\u00fcm elde etmesine olanak tan\u0131yor.<\/p>\n\n\n\n<p><strong>Instagram Dikey Post Boyut Oran\u0131 Ka\u00e7?<\/strong><\/p>\n\n\n\n<p>Instagram, platformdaki g\u00f6rsel payla\u015f\u0131m standartlar\u0131n\u0131 yeniledi. 4:5 payla\u015f\u0131m oran\u0131 tercih edilebilir hale getirildi.&nbsp;<strong>Instagram dikey post boyutu<\/strong> , \u00f6zellikle mobil cihazlarda daha fazla alan kaplayarak i\u00e7eriklerin dikkat \u00e7ekicili\u011fini art\u0131r\u0131yor ve kullan\u0131c\u0131 deneyimini geli\u015ftirmeyi hedefliyor.<\/p>\n\n\n\n<p><strong>Instagram Dikey Post Boyutu<\/strong><\/p>\n\n\n\n<ul class=\"wp-block-list\">\n<li><strong>Oran: 4:5 (Dikey)<\/strong><\/li>\n\n\n\n<li><strong>Boyut: 1080 x 1350 piksel<\/strong><\/li>\n<\/ul>\n\n\n\n<p>Bu g\u00fcncellemeyle, g\u00f6rsellerin mobil cihazlarda daha b\u00fcy\u00fck ve etkileyici g\u00f6r\u00fcnmesi m\u00fcmk\u00fcn hale geliyor.&nbsp;<strong>Standart 1:1 (kare) format\u0131n\u0131n uzun y\u0131llard\u0131r Instagram\u2019\u0131n temel boyut oran\u0131 olmas\u0131na ra\u011fmen, 4:5 oran\u0131 daha fazla ekran alan\u0131 kullanarak izleyicilerin dikkatini \u00e7ekmekte daha ba\u015far\u0131l\u0131 bir performans sergileyebilir.<\/strong>&nbsp;\u00d6zellikle estetik ve detay a\u00e7\u0131s\u0131ndan zengin i\u00e7erikler i\u00e7in dikey format, kullan\u0131c\u0131lar\u0131n g\u00f6nderilerle daha fazla etkile\u015fim kurmas\u0131n\u0131 sa\u011fl\u0131yor.<\/p>\n\n\n\n<p>4:5 oran\u0131, ayn\u0131 zamanda kullan\u0131c\u0131lar\u0131n kayd\u0131rarak i\u00e7erik t\u00fcketti\u011fi ana ak\u0131\u015fta, kare formatlara g\u00f6re g\u00f6rsellerin daha uzun s\u00fcre g\u00f6r\u00fcnmesini sa\u011fl\u0131yor. Bu durum, markalar\u0131n ve i\u00e7erik \u00fcreticilerinin hikaye anlat\u0131m\u0131 i\u00e7in daha geni\u015f bir \u00e7er\u00e7eveye sahip olmas\u0131na olanak tan\u0131yor. \u00d6rne\u011fin, \u00fcr\u00fcn detaylar\u0131n\u0131 daha etkili bir \u015fekilde sergilemek, yarat\u0131c\u0131 d\u00fczenlemelerle dikkat \u00e7ekmek ve takip\u00e7ilerin ilgisini art\u0131rmak i\u00e7in bu yeni format bir avantaj sunuyor.<\/p>\n\n\n\n<p><strong>Kimler \u0130\u00e7in Daha Avantajl\u0131?<\/strong><\/p>\n\n\n\n<ul class=\"wp-block-list\">\n<li><strong>Markalar:<\/strong>&nbsp;Reklam kampanyalar\u0131nda daha dikkat \u00e7ekici g\u00f6rseller kullanabilir.<\/li>\n\n\n\n<li><strong>\u0130\u00e7erik \u00dcreticileri:<\/strong>&nbsp;G\u00f6rsellerin daha fazla ekran alan\u0131 kaplamas\u0131yla etkile\u015fimlerini art\u0131rabilir.<\/li>\n\n\n\n<li><strong>K\u00fc\u00e7\u00fck \u0130\u015fletmeler:<\/strong>&nbsp;\u00dcr\u00fcnlerini daha etkili bir \u015fekilde tan\u0131tabilir.<\/li>\n<\/ul>\n\n\n\n<p>Instagram\u2019\u0131n bu g\u00fcncellemesi, platformdaki i\u00e7erik \u00fcretim dinamiklerini yeniden \u015fekillendiriyor ve \u00f6zellikle mobil cihaz kullan\u0131m\u0131n\u0131n yayg\u0131n oldu\u011fu g\u00fcn\u00fcm\u00fczde b\u00fcy\u00fck bir yenilik olarak \u00f6ne \u00e7\u0131k\u0131yor. G\u00f6rsellerinizi bu yeni formata uygun hale getirmek i\u00e7in sosyal medya d\u00fczenleme ara\u00e7lar\u0131ndan faydalanabilir, i\u00e7eriklerinizi bu yeni standartlara g\u00f6re optimize edebilirsiniz.<\/p>\n\n\n\n<p><strong>4:5 Boyutunda Payla\u015f\u0131mlar Nas\u0131l Haz\u0131rlan\u0131r?<\/strong><\/p>\n\n\n\n<p>Instagram\u2019\u0131n 4:5 oran\u0131ndaki dikey format\u0131, i\u00e7eriklerin daha dikkat \u00e7ekici ve etkili bir \u015fekilde sunulmas\u0131n\u0131 sa\u011flar. G\u00f6rselleri bu boyutta haz\u0131rlamak, estetik a\u00e7\u0131dan g\u00fc\u00e7l\u00fc payla\u015f\u0131mlar yapman\u0131za yard\u0131mc\u0131 olur. \u0130\u015fte bu format\u0131 kullanarak etkili i\u00e7erikler olu\u015fturman\u0131n yollar\u0131:<\/p>\n\n\n\n<p><strong>D\u00fczenleme ve Optimizasyon<\/strong><\/p>\n\n\n\n<p>4:5 boyutunda g\u00f6rseller haz\u0131rlamak i\u00e7in do\u011fru d\u00fczenleme ara\u00e7lar\u0131n\u0131 kullanabilirsiniz.&nbsp;<strong>Adobe Lightroom<\/strong>&nbsp;veya&nbsp;&nbsp;<strong>Canva<\/strong>&nbsp;gibi uygulamalar, g\u00f6rselleri kolayca 4:5 oran\u0131nda k\u0131rpman\u0131za olanak tan\u0131r. E\u011fer do\u011frudan Instagram\u2019da d\u00fczenleme yap\u0131yorsan\u0131z, uygulama y\u00fckleme s\u0131ras\u0131nda otomatik k\u0131rpma se\u00e7enekleri sunar. G\u00f6rsellerinizin merkezinde yer alan detaylar\u0131 koruyarak payla\u015f\u0131m\u0131n\u0131za odak noktas\u0131 yaratabilirsiniz.<\/p>\n\n\n\n<p><strong>Payla\u015f\u0131m Sonras\u0131 Kontrol<\/strong><\/p>\n\n\n\n<p>4:5 oran\u0131nda haz\u0131rlad\u0131\u011f\u0131n\u0131z i\u00e7eri\u011fi Instagram\u2019da payla\u015fmadan \u00f6nce \u00f6n izleme yaparak kontrol etmelisiniz. Bu sayede, \u00f6nemli detaylar\u0131n \u00e7er\u00e7eve d\u0131\u015f\u0131na \u00e7\u0131kmas\u0131n\u0131 ya da kaybolmas\u0131n\u0131 engelleyebilirsiniz. Ayr\u0131ca, metin veya grafiklerin estetik bir \u015fekilde yerle\u015fti\u011finden emin olun.<\/p>\n\n\n\n<p>4:5 format\u0131nda i\u00e7erik haz\u0131rlamak, hem g\u00f6rsellerinizi estetik olarak daha g\u00fc\u00e7l\u00fc k\u0131lar hem de etkile\u015fimlerinizi art\u0131rabilir. Do\u011fru d\u00fczenleme ara\u00e7lar\u0131yla ve dikkatli bir planlamayla, Instagram g\u00f6nderilerinizi daha etkileyici hale getirebilirsiniz.<\/p>\n","protected":false},"excerpt":{"rendered":"<p>INSTAGRAM G\u00d6NDER\u0130 BOYUTLARI 2025 Instagram, g\u00f6rsel payla\u015f\u0131m standartlar\u0131nda yapt\u0131\u011f\u0131 yeniliklerle profil g\u00f6r\u00fcn\u00fcm\u00fcn\u00fc daha dikkat \u00e7ekici hale getirmeyi ama\u00e7l\u0131yor.&nbsp;Kare format, klasik bir se\u00e7enek olarak halen kullan\u0131labilir olsa da yap\u0131lan de\u011fi\u015fikliklerle, profil g\u00f6r\u00fcn\u00fcm\u00fcnde g\u00f6rsellerin 4:5 oran\u0131nda dikey formatta yans\u0131t\u0131lmas\u0131 \u00f6ne \u00e7\u0131k\u0131yor. Yeni standartlara g\u00f6re 4:5 oran\u0131ndaki dikey format, profil d\u00fczeninde daha uyumlu ve estetik bir g\u00f6r\u00fcn\u00fcm sunuyor.&hellip;&nbsp;<a href=\"https:\/\/www.dokuzceyrek.com.tr\/index.php\/2025\/01\/26\/instagram-post-boyutlari-2025\/\" rel=\"bookmark\">Read More &raquo;<span class=\"screen-reader-text\">Instagram G\u00f6nderi Boyutlar\u0131 2025<\/span><\/a><\/p>\n","protected":false},"author":1,"featured_media":534,"comment_status":"open","ping_status":"open","sticky":false,"template":"","format":"standard","meta":{"neve_meta_sidebar":"","neve_meta_container":"","neve_meta_enable_content_width":"","neve_meta_content_width":0,"neve_meta_title_alignment":"","neve_meta_author_avatar":"","neve_post_elements_order":"","neve_meta_disable_header":"","neve_meta_disable_footer":"","neve_meta_disable_title":"","neve_meta_reading_time":"","_themeisle_gutenberg_block_has_review":false,"footnotes":""},"categories":[1],"tags":[],"class_list":["post-529","post","type-post","status-publish","format-standard","has-post-thumbnail","hentry","category-uncategorized"],"_links":{"self":[{"href":"https:\/\/www.dokuzceyrek.com.tr\/index.php\/wp-json\/wp\/v2\/posts\/529","targetHints":{"allow":["GET"]}}],"collection":[{"href":"https:\/\/www.dokuzceyrek.com.tr\/index.php\/wp-json\/wp\/v2\/posts"}],"about":[{"href":"https:\/\/www.dokuzceyrek.com.tr\/index.php\/wp-json\/wp\/v2\/types\/post"}],"author":[{"embeddable":true,"href":"https:\/\/www.dokuzceyrek.com.tr\/index.php\/wp-json\/wp\/v2\/users\/1"}],"replies":[{"embeddable":true,"href":"https:\/\/www.dokuzceyrek.com.tr\/index.php\/wp-json\/wp\/v2\/comments?post=529"}],"version-history":[{"count":2,"href":"https:\/\/www.dokuzceyrek.com.tr\/index.php\/wp-json\/wp\/v2\/posts\/529\/revisions"}],"predecessor-version":[{"id":535,"href":"https:\/\/www.dokuzceyrek.com.tr\/index.php\/wp-json\/wp\/v2\/posts\/529\/revisions\/535"}],"wp:featuredmedia":[{"embeddable":true,"href":"https:\/\/www.dokuzceyrek.com.tr\/index.php\/wp-json\/wp\/v2\/media\/534"}],"wp:attachment":[{"href":"https:\/\/www.dokuzceyrek.com.tr\/index.php\/wp-json\/wp\/v2\/media?parent=529"}],"wp:term":[{"taxonomy":"category","embeddable":true,"href":"https:\/\/www.dokuzceyrek.com.tr\/index.php\/wp-json\/wp\/v2\/categories?post=529"},{"taxonomy":"post_tag","embeddable":true,"href":"https:\/\/www.dokuzceyrek.com.tr\/index.php\/wp-json\/wp\/v2\/tags?post=529"}],"curies":[{"name":"wp","href":"https:\/\/api.w.org\/{rel}","templated":true}]}}